{"id":26349,"date":"2025-09-27T20:06:43","date_gmt":"2025-09-27T18:06:43","guid":{"rendered":"https:\/\/sleephero.hu\/?p=26349"},"modified":"2026-01-23T20:04:14","modified_gmt":"2026-01-23T19:04:14","slug":"ujra-tunderkiralyno-leszek","status":"publish","type":"post","link":"https:\/\/sleephero.hu\/en\/ujra-tunderkiralyno-leszek\/","title":{"rendered":"\u00dajra T\u00fcnd\u00e9rkir\u00e1lyn\u0151 leszek!"},"content":{"rendered":"<h1 class=\"wp-block-heading\"><strong>\u00dajra T\u00fcnd\u00e9rkir\u00e1lyn\u0151 leszek!<\/strong><\/h1>\n\n\n\n<p>Kedves \u00fajdons\u00fclt Anyuka,<\/p>\n\n\n\n<p>Kor\u00e1bban \u00edrtam egy cikket, ami a p\u00e1rodnak sz\u00f3lt, most pedig Hozz\u00e1d, \u00fajdons\u00fclt Anyuk\u00e1hoz sz\u00f3lok.<\/p>\n\n\n\n<p>A bab\u00e1ddal m\u00e1r h\u00f3napok \u00f3ta otthon vagy, s a kor\u00e1bban t\u00f6k\u00e9letesen elk\u00e9pzelt bab\u00e1s vil\u00e1g valahogy m\u00e9gsem olyan r\u00f3zs\u00e1s.<\/p>\n\n\n\n<figure class=\"wp-block-image aligncenter size-full\"><img loading=\"lazy\" decoding=\"async\" width=\"1200\" height=\"628\" src=\"https:\/\/sleephero.hu\/wp-content\/uploads\/2025\/09\/Ujra-tunderkitalyno-leszek.avif\" alt=\"\" class=\"wp-image-26457\" srcset=\"https:\/\/sleephero.hu\/wp-content\/uploads\/2025\/09\/Ujra-tunderkitalyno-leszek.avif 1200w, https:\/\/sleephero.hu\/wp-content\/uploads\/2025\/09\/Ujra-tunderkitalyno-leszek-300x157.avif 300w, https:\/\/sleephero.hu\/wp-content\/uploads\/2025\/09\/Ujra-tunderkitalyno-leszek-1024x536.avif 1024w, https:\/\/sleephero.hu\/wp-content\/uploads\/2025\/09\/Ujra-tunderkitalyno-leszek-768x402.avif 768w, https:\/\/sleephero.hu\/wp-content\/uploads\/2025\/09\/Ujra-tunderkitalyno-leszek-18x9.avif 18w, https:\/\/sleephero.hu\/wp-content\/uploads\/2025\/09\/Ujra-tunderkitalyno-leszek-1080x565.avif 1080w, https:\/\/sleephero.hu\/wp-content\/uploads\/2025\/09\/Ujra-tunderkitalyno-leszek-980x513.avif 980w, https:\/\/sleephero.hu\/wp-content\/uploads\/2025\/09\/Ujra-tunderkitalyno-leszek-480x251.avif 480w, https:\/\/sleephero.hu\/wp-content\/uploads\/2025\/09\/Ujra-tunderkitalyno-leszek-600x314.avif 600w\" sizes=\"(max-width: 1200px) 100vw, 1200px\" \/><\/figure>\n\n\n\n<p>Gondoltad majd id\u0151vel k\u00f6nnyebb lesz, beler\u00e1z\u00f3dsz a teend\u0151kbe, a kicsi is n\u0151, sz\u00e9pen megold\u00f3dik az alv\u00e1sa is. De a helyzet nem csak k\u00f6nnyebb nem lett, hanem ink\u00e1bb egy kih\u00edv\u00e1sosabb.<\/p>\n\n\n\n<p>Pedig k\u00f6r\u00fcl\u00f6tted mindenki azzal nyugtatott, hogy p\u00e1r h\u00f3nap \u00e9s majd k\u00f6nnyebb lesz minden. R\u00e1ad\u00e1sul azt l\u00e1tod az Inst\u00e1n napi szinten, hogy a Julcsi milyen kiegyens\u00falyozott, szexi, boldog, nagybet\u0171s Anyuka \u2013 akkor \u0151 ezt hogy csin\u00e1lja? S Neked mi\u00e9rt nem megy?<\/p>\n\n\n\n<p>Csal\u00f3dott vagy, frusztr\u00e1lt \u2013 hiszen kor\u00e1bban a munkahelyeden \u00e9s a mag\u00e1n\u00e9letedben is olyan sz\u00e9pen helyt \u00e1llt\u00e1l, sikeres volt\u00e1l, most meg azt \u00e9rzed, hogy minden darabokra hullik. Nyugi, t\u00f6k\u00e9letesen tudom, mir\u0151l besz\u00e9lek, mert \u00e9n magam is voltam ebben a cip\u0151ben \u00e9s&nbsp; anyuk\u00e1k ezreivel folytattam m\u00e1r nagyon \u0151szinte besz\u00e9lget\u00e9seket ebben a t\u00e9m\u00e1ban.<\/p>\n\n\n\n<p>Ha azt mondom Neked, hogy minden m\u00e1sodik konzult\u00e1ci\u00f3m alatt egy \u00e9desanya s\u00edr, mert m\u00e1r annyira \u00f6sszet\u00f6rtnek \u00e9rzi mag\u00e1t a sok nyom\u00e1s miatt, akkor egy\u00e1ltal\u00e1n nem t\u00falzok. De ugyanerr\u0151l sz\u00e1molnak be a hozz\u00e1t\u00e1pl\u00e1l\u00e1ssal foglalkoz\u00f3 szakemberek, a pszichol\u00f3gusok is, b\u00e1rmelyik szakember, aki csal\u00e1dokkal, \u00e9desany\u00e1kkal foglalkozik.<\/p>\n\n\n\n<p>Neh\u00e9z felv\u00e1llalni, mikor nem j\u00f3l vagy, pedig ez a megold\u00e1shoz vezet\u0151 \u00fat els\u0151 l\u00e9pcs\u0151foka. Kimondani, felm\u00e9rni a helyzetet \u00e9s seg\u00edts\u00e9get k\u00e9rni \u2013 m\u00e9g miel\u0151tt komolyabban rosszabbodna a&nbsp; ment\u00e1lis, pszich\u00e9s \u00e1llapotod. (Igen, hidd el a mostanin\u00e1l is van m\u00e9g lejjebb.)<\/p>\n\n\n\n<p>Honnan tudom mindezt? Mert nemcsak szak\u00e9rt\u0151k\u00e9nt, de \u00e9n is \u00e1tmentem ezen.<\/p>\n\n\n\n<p>Szak\u00e1cs \u00c9va vagyok, VIP Babaalv\u00e1s Szak\u00e9rt\u0151 \u00e9s Mentor. Napi szinten foglalkozom friss sz\u00fcl\u0151kkel, p\u00e1rkapcsolati \u00e9s sz\u00fcl\u0151i probl\u00e9m\u00e1ikat k\u00f6zelr\u0151l ismerem.<\/p>\n\n\n\n<p>K\u00f6zel 2000 csal\u00e1d sors\u00e1nak \u00e1talakul\u00e1s\u00e1t k\u00eds\u00e9rtem v\u00e9gig p\u00e1ly\u00e1m sor\u00e1n, hihetetlen m\u00e9lypontokb\u00f3l elk\u00e9peszt\u0151 magaslatokba jutottunk k\u00f6z\u00f6sen. Ugyanis \u00e9n nem csak egyszer\u0171 tan\u00e1csad\u00e1st v\u00e9gzek, hanem egy hosszan tart\u00f3, ak\u00e1r t\u00f6bb h\u00f3napos, intenz\u00edv t\u00e1mogat\u00e1st ny\u00fajtok, amely m\u00e9ly, min\u0151s\u00e9gi v\u00e1ltoz\u00e1st hoz a csal\u00e1dok \u00e9let\u00e9be.<\/p>\n\n\n\n<p>N\u00e1lam nem csak a baba alv\u00e1sa sz\u00e1m\u00edt, hanem sz eg\u00e9sz csal\u00e1d j\u00f3l\u00e9te, harm\u00f3ni\u00e1ja.&nbsp;<\/p>\n\n\n\n<p>Mit tehetsz m\u00e1ris, hogy a csal\u00e1dotok l\u00e9gk\u00f6re bens\u0151s\u00e9ges legyen, hogy \u00e9rezd \u00fajra t\u00e1rsak vagytok, nem csak sz\u00fcl\u0151k?<\/p>\n\n\n\n<p>Egy csokorba szedtem Neked a legfontosabbakat:<\/p>\n\n\n\n<ul class=\"wp-block-list\">\n<li>Az els\u0151 \u00e9s legfontosabb, hogy \u00e9rtsd, mi zajlik a szervezetedben, ez\u00e9rt aj\u00e1nlom, hogy olvasd el az el\u0151z\u0151 cikkemet. Tudatos\u00edtsd magadban, hogy nem hisztis vagy, hanem val\u00f3di hormon\u00e1lis v\u00e1ltoz\u00e1sok zajlanak a testedben.&nbsp; Ez a jelenlegi k\u00e1osz teljesen norm\u00e1lisnak sz\u00e1m\u00edt. A k\u00e9rd\u00e9s az, hogy meddig sz\u00e1nd\u00e9koztok ebben dagony\u00e1zni?<\/li>\n\n\n\n<li>Amennyire csak lehet, k\u00e9rd meg a p\u00e1rodat, hogy legyen jelen, adjon min\u00e9l t\u00f6bb seg\u00edts\u00e9get a baba gondoz\u00e1s\u00e1val \u00e9s a h\u00e1ztart\u00e1ssal kapcsolatban is. Ezzel is hozz\u00e1j\u00e1rulva a csal\u00e1di harm\u00f3nia kialak\u00edt\u00e1s\u00e1hoz. Ha pedig olyan munk\u00e1ja van, ami ezt nem teszi lehet\u0151v\u00e9, k\u00e9rj seg\u00edts\u00e9get \u2013 vagy a csal\u00e1don bel\u00fcl, vagy ak\u00e1r a csal\u00e1don k\u00edv\u00fcl is. Seg\u00edts\u00e9get k\u00e9rni nem sz\u00e9gyen, hanem tudatoss\u00e1g!<\/li>\n\n\n\n<li>Figyelj az int\u0151 jelekre, ha a baby blues-n\u00e1l er\u0151teljesebb szorong\u00e1st, lehangolts\u00e1got tapasztalsz magadn\u00e1l, k\u00e9rj miel\u0151bb szakmai seg\u00edts\u00e9get!<\/li>\n\n\n\n<li>Foglalkozz az alv\u00e1sotokkal \u2013 att\u00f3l, hogy kisgyermekes sz\u00fcl\u0151 vagy, egy\u00e1ltal\u00e1n nem kell lemondanotok az alv\u00e1sr\u00f3l! T\u00e9vhit, hogy ennek \u00edgy kell lennie, bele kell t\u00f6r\u0151dni, csak p\u00e1r \u00e9vet kell \u00edgy leh\u00faznotok, s a helyzet majd kicsit jobb lesz. Mi\u00e9rt venn\u00e9l el az \u00e9letetekb\u0151l \u00c9VEKET az\u00e1ltal, hogy nem alszatok?<\/li>\n\n\n\n<li>Figyelj az eg\u00e9szs\u00e9ges t\u00e1pl\u00e1lkoz\u00e1sodra is \u2013 ha kell, rendelj el\u0151re \u00f6ssze\u00e1ll\u00edtott men\u00fct, hogy legal\u00e1bb az \u00e9tkez\u00e9sedet tudatosan a kezedbe vedd, mert jelent\u0151s hat\u00e1ssal van a hangulatodra, energia szintedre az, hogy mit eszel.&nbsp;<\/li>\n\n\n\n<li>Azt pedig, hogy menj el s\u00e9t\u00e1lni, esetleg 1-1 esti pilatesre, most le sem \u00edrom, mert \u00fagysem fogod betartani, egyszerre t\u00fal sok helyre nem leszel k\u00e9pes helyezni a&nbsp; f\u00f3kuszt.<\/li>\n<\/ul>\n\n\n\n<p>Amikor magaddal foglalkozol, az eg\u00e9sz csal\u00e1dod j\u00f6v\u0151j\u00e9t, az idilli csal\u00e1di f\u00e9szket \u00e9p\u00edted.<\/p>\n\n\n\n<p>Ne hordozd egyed\u00fcl a terhet! Ne v\u00e1rd, hogy majd az id\u0151 gyorsan megoldja.<\/p>\n\n\n\n<p>B\u00edzz bennem \u00e9s vezetlek titeket ezen az \u00faton, melynek eredm\u00e9nyek\u00e9nt \u00c1rny\u00e9kanyuk\u00e1b\u00f3l \u00fajra ragyog\u00f3 T\u00fcnd\u00e9rkir\u00e1lyn\u0151v\u00e9 v\u00e1lsz.<\/p>\n\n\n\n<p>Most l\u00e9pj, \u00e9s k\u00f6sz\u00f6nd meg a p\u00e1rodnak, h mennyire h\u00e1l\u00e1s vagy neki, hogy pont t\u0151le sz\u00fcletett a gyermeketek.<\/p>\n\n\n\n<p>\u00d6lellek Benneteket,<\/p>\n\n\n\n<p><strong>\u00c9va Szak\u00e1cs<\/strong><br><em>VIP Babaalv\u00e1s Szak\u00e9rt\u0151 \u00e9s Mentor<\/em><\/p>","protected":false},"excerpt":{"rendered":"<p>Kedves \u00fajdons\u00fclt Anyuka, Kor\u00e1bban \u00edrtam egy cikket, ami a p\u00e1rodnak sz\u00f3lt, most pedig Hozz\u00e1d, \u00fajdons\u00fclt Anyuk\u00e1hoz sz\u00f3lok. A bab\u00e1ddal m\u00e1r h\u00f3napok \u00f3ta otthon vagy, s a kor\u00e1bban t\u00f6k\u00e9letesen elk\u00e9pzelt bab\u00e1s vil\u00e1g valahogy<\/p>","protected":false},"author":155,"featured_media":26457,"comment_status":"closed","ping_status":"open","sticky":false,"template":"","format":"standard","meta":{"_et_pb_use_builder":"off","_et_pb_old_content":"<!-- wp:heading {\"level\":1} -->\n<h1 class=\"wp-block-heading\"><strong>\u00dajra T\u00fcnd\u00e9rkir\u00e1lyn\u0151 leszek!<\/strong><\/h1>\n<!-- \/wp:heading -->\n\n<!-- wp:paragraph -->\n<p>Kedves \u00fajdons\u00fclt Anyuka,<\/p>\n<!-- \/wp:paragraph -->\n\n<!-- wp:paragraph -->\n<p>Kor\u00e1bban \u00edrtam egy cikket, ami a p\u00e1rodnak sz\u00f3lt, most pedig Hozz\u00e1d, \u00fajdons\u00fclt Anyuk\u00e1hoz sz\u00f3lok.<\/p>\n<!-- \/wp:paragraph -->\n\n<!-- wp:paragraph -->\n<p>A bab\u00e1ddal m\u00e1r h\u00f3napok \u00f3ta otthon vagy, s a kor\u00e1bban t\u00f6k\u00e9letesen elk\u00e9pzelt bab\u00e1s vil\u00e1g valahogy m\u00e9gsem olyan r\u00f3zs\u00e1s.<\/p>\n<!-- \/wp:paragraph -->\n\n<!-- wp:image {\"id\":26343,\"sizeSlug\":\"full\",\"linkDestination\":\"none\",\"align\":\"center\"} -->\n<figure class=\"wp-block-image aligncenter size-full\"><img src=\"https:\/\/sleephero.hu\/wp-content\/uploads\/2025\/09\/ujra-tunderkiralyno-leszek-onbizalom.avif\" alt=\"Fiatal n\u0151 mosolyogva visszan\u00e9z a v\u00e1ros utc\u00e1j\u00e1n\" class=\"wp-image-26343\"\/><\/figure>\n<!-- \/wp:image -->\n\n<!-- wp:paragraph -->\n<p>Gondoltad majd id\u0151vel k\u00f6nnyebb lesz, beler\u00e1z\u00f3dsz a teend\u0151kbe, a kicsi is n\u0151, sz\u00e9pen megold\u00f3dik az alv\u00e1sa is. De a helyzet nem csak k\u00f6nnyebb nem lett, hanem ink\u00e1bb egy kih\u00edv\u00e1sosabb.<\/p>\n<!-- \/wp:paragraph -->\n\n<!-- wp:paragraph -->\n<p>Pedig k\u00f6r\u00fcl\u00f6tted mindenki azzal nyugtatott, hogy p\u00e1r h\u00f3nap \u00e9s majd k\u00f6nnyebb lesz minden. R\u00e1ad\u00e1sul azt l\u00e1tod az Inst\u00e1n napi szinten, hogy a Julcsi milyen kiegyens\u00falyozott, szexi, boldog, nagybet\u0171s Anyuka \u2013 akkor \u0151 ezt hogy csin\u00e1lja? S Neked mi\u00e9rt nem megy?<\/p>\n<!-- \/wp:paragraph -->\n\n<!-- wp:paragraph -->\n<p>Csal\u00f3dott vagy, frusztr\u00e1lt \u2013 hiszen kor\u00e1bban a munkahelyeden \u00e9s a mag\u00e1n\u00e9letedben is olyan sz\u00e9pen helyt \u00e1llt\u00e1l, sikeres volt\u00e1l, most meg azt \u00e9rzed, hogy minden darabokra hullik. Nyugi, t\u00f6k\u00e9letesen tudom, mir\u0151l besz\u00e9lek, mert \u00e9n magam is voltam ebben a cip\u0151ben \u00e9s&nbsp; anyuk\u00e1k ezreivel folytattam m\u00e1r nagyon \u0151szinte besz\u00e9lget\u00e9seket ebben a t\u00e9m\u00e1ban.<\/p>\n<!-- \/wp:paragraph -->\n\n<!-- wp:paragraph -->\n<p>Ha azt mondom Neked, hogy minden m\u00e1sodik konzult\u00e1ci\u00f3m alatt egy \u00e9desanya s\u00edr, mert m\u00e1r annyira \u00f6sszet\u00f6rtnek \u00e9rzi mag\u00e1t a sok nyom\u00e1s miatt, akkor egy\u00e1ltal\u00e1n nem t\u00falzok. De ugyanerr\u0151l sz\u00e1molnak be a hozz\u00e1t\u00e1pl\u00e1l\u00e1ssal foglalkoz\u00f3 szakemberek, a pszichol\u00f3gusok is, b\u00e1rmelyik szakember, aki csal\u00e1dokkal, \u00e9desany\u00e1kkal foglalkozik.<\/p>\n<!-- \/wp:paragraph -->\n\n<!-- wp:paragraph -->\n<p>Neh\u00e9z felv\u00e1llalni, mikor nem j\u00f3l vagy, pedig ez a megold\u00e1shoz vezet\u0151 \u00fat els\u0151 l\u00e9pcs\u0151foka. Kimondani, felm\u00e9rni a helyzetet \u00e9s seg\u00edts\u00e9get k\u00e9rni \u2013 m\u00e9g miel\u0151tt komolyabban rosszabbodna a&nbsp; ment\u00e1lis, pszich\u00e9s \u00e1llapotod. (Igen, hidd el a mostanin\u00e1l is van m\u00e9g lejjebb.)<\/p>\n<!-- \/wp:paragraph -->\n\n<!-- wp:paragraph -->\n<p>Honnan tudom mindezt? Mert nemcsak szak\u00e9rt\u0151k\u00e9nt, de \u00e9n is \u00e1tmentem ezen.<\/p>\n<!-- \/wp:paragraph -->\n\n<!-- wp:paragraph -->\n<p>Szak\u00e1cs \u00c9va vagyok, VIP Babaalv\u00e1s Szak\u00e9rt\u0151 \u00e9s Mentor. Napi szinten foglalkozom friss sz\u00fcl\u0151kkel, p\u00e1rkapcsolati \u00e9s sz\u00fcl\u0151i probl\u00e9m\u00e1ikat k\u00f6zelr\u0151l ismerem.<\/p>\n<!-- \/wp:paragraph -->\n\n<!-- wp:paragraph -->\n<p>K\u00f6zel 2000 csal\u00e1d sors\u00e1nak \u00e1talakul\u00e1s\u00e1t k\u00eds\u00e9rtem v\u00e9gig p\u00e1ly\u00e1m sor\u00e1n, hihetetlen m\u00e9lypontokb\u00f3l elk\u00e9peszt\u0151 magaslatokba jutottunk k\u00f6z\u00f6sen. Ugyanis \u00e9n nem csak egyszer\u0171 tan\u00e1csad\u00e1st v\u00e9gzek, hanem egy hosszan tart\u00f3, ak\u00e1r t\u00f6bb h\u00f3napos, intenz\u00edv t\u00e1mogat\u00e1st ny\u00fajtok, amely m\u00e9ly, min\u0151s\u00e9gi v\u00e1ltoz\u00e1st hoz a csal\u00e1dok \u00e9let\u00e9be.<\/p>\n<!-- \/wp:paragraph -->\n\n<!-- wp:paragraph -->\n<p>N\u00e1lam nem csak a baba alv\u00e1sa sz\u00e1m\u00edt, hanem sz eg\u00e9sz csal\u00e1d j\u00f3l\u00e9te, harm\u00f3ni\u00e1ja.&nbsp;<\/p>\n<!-- \/wp:paragraph -->\n\n<!-- wp:paragraph -->\n<p>Mit tehetsz m\u00e1ris, hogy a csal\u00e1dotok l\u00e9gk\u00f6re bens\u0151s\u00e9ges legyen, hogy \u00e9rezd \u00fajra t\u00e1rsak vagytok, nem csak sz\u00fcl\u0151k?<\/p>\n<!-- \/wp:paragraph -->\n\n<!-- wp:paragraph -->\n<p>Egy csokorba szedtem Neked a legfontosabbakat:<\/p>\n<!-- \/wp:paragraph -->\n\n<!-- wp:list -->\n<ul class=\"wp-block-list\"><!-- wp:list-item -->\n<li>Az els\u0151 \u00e9s legfontosabb, hogy \u00e9rtsd, mi zajlik a szervezetedben, ez\u00e9rt aj\u00e1nlom, hogy olvasd el az el\u0151z\u0151 cikkemet. Tudatos\u00edtsd magadban, hogy nem hisztis vagy, hanem val\u00f3di hormon\u00e1lis v\u00e1ltoz\u00e1sok zajlanak a testedben.\u00a0 Ez a jelenlegi k\u00e1osz teljesen norm\u00e1lisnak sz\u00e1m\u00edt. A k\u00e9rd\u00e9s az, hogy meddig sz\u00e1nd\u00e9koztok ebben dagony\u00e1zni?<\/li>\n<!-- \/wp:list-item -->\n\n<!-- wp:list-item -->\n<li>Amennyire csak lehet, k\u00e9rd meg a p\u00e1rodat, hogy legyen jelen, adjon min\u00e9l t\u00f6bb seg\u00edts\u00e9get a baba gondoz\u00e1s\u00e1val \u00e9s a h\u00e1ztart\u00e1ssal kapcsolatban is. Ezzel is hozz\u00e1j\u00e1rulva a csal\u00e1di harm\u00f3nia kialak\u00edt\u00e1s\u00e1hoz. Ha pedig olyan munk\u00e1ja van, ami ezt nem teszi lehet\u0151v\u00e9, k\u00e9rj seg\u00edts\u00e9get \u2013 vagy a csal\u00e1don bel\u00fcl, vagy ak\u00e1r a csal\u00e1don k\u00edv\u00fcl is. Seg\u00edts\u00e9get k\u00e9rni nem sz\u00e9gyen, hanem tudatoss\u00e1g!<\/li>\n<!-- \/wp:list-item -->\n\n<!-- wp:list-item -->\n<li>Figyelj az int\u0151 jelekre, ha a baby blues-n\u00e1l er\u0151teljesebb szorong\u00e1st, lehangolts\u00e1got tapasztalsz magadn\u00e1l, k\u00e9rj miel\u0151bb szakmai seg\u00edts\u00e9get!<\/li>\n<!-- \/wp:list-item -->\n\n<!-- wp:list-item -->\n<li>Foglalkozz az alv\u00e1sotokkal \u2013 att\u00f3l, hogy kisgyermekes sz\u00fcl\u0151 vagy, egy\u00e1ltal\u00e1n nem kell lemondanotok az alv\u00e1sr\u00f3l! T\u00e9vhit, hogy ennek \u00edgy kell lennie, bele kell t\u00f6r\u0151dni, csak p\u00e1r \u00e9vet kell \u00edgy leh\u00faznotok, s a helyzet majd kicsit jobb lesz. Mi\u00e9rt venn\u00e9l el az \u00e9letetekb\u0151l \u00c9VEKET az\u00e1ltal, hogy nem alszatok?<\/li>\n<!-- \/wp:list-item -->\n\n<!-- wp:list-item -->\n<li>Figyelj az eg\u00e9szs\u00e9ges t\u00e1pl\u00e1lkoz\u00e1sodra is \u2013 ha kell, rendelj el\u0151re \u00f6ssze\u00e1ll\u00edtott men\u00fct, hogy legal\u00e1bb az \u00e9tkez\u00e9sedet tudatosan a kezedbe vedd, mert jelent\u0151s hat\u00e1ssal van a hangulatodra, energia szintedre az, hogy mit eszel.\u00a0<\/li>\n<!-- \/wp:list-item -->\n\n<!-- wp:list-item -->\n<li>Azt pedig, hogy menj el s\u00e9t\u00e1lni, esetleg 1-1 esti pilatesre, most le sem \u00edrom, mert \u00fagysem fogod betartani, egyszerre t\u00fal sok helyre nem leszel k\u00e9pes helyezni a\u00a0 f\u00f3kuszt.<\/li>\n<!-- \/wp:list-item --><\/ul>\n<!-- \/wp:list -->\n\n<!-- wp:paragraph -->\n<p>Amikor magaddal foglalkozol, az eg\u00e9sz csal\u00e1dod j\u00f6v\u0151j\u00e9t, az idilli csal\u00e1di f\u00e9szket \u00e9p\u00edted.<\/p>\n<!-- \/wp:paragraph -->\n\n<!-- wp:paragraph -->\n<p>Ne hordozd egyed\u00fcl a terhet! Ne v\u00e1rd, hogy majd az id\u0151 gyorsan megoldja.<\/p>\n<!-- \/wp:paragraph -->\n\n<!-- wp:paragraph -->\n<p>B\u00edzz bennem \u00e9s vezetlek titeket ezen az \u00faton, melynek eredm\u00e9nyek\u00e9nt \u00c1rny\u00e9kanyuk\u00e1b\u00f3l \u00fajra ragyog\u00f3 T\u00fcnd\u00e9rkir\u00e1lyn\u0151v\u00e9 v\u00e1lsz.<\/p>\n<!-- \/wp:paragraph -->\n\n<!-- wp:paragraph -->\n<p>Most l\u00e9pj, \u00e9s k\u00f6sz\u00f6nd meg a p\u00e1rodnak, h mennyire h\u00e1l\u00e1s vagy neki, hogy pont t\u0151le sz\u00fcletett a gyermeketek.<\/p>\n<!-- \/wp:paragraph -->\n\n<!-- wp:paragraph -->\n<p>\u00d6lellek Benneteket,<\/p>\n<!-- \/wp:paragraph -->\n\n<!-- wp:paragraph -->\n<p><strong>Szak\u00e1cs \u00c9va<\/strong><br><em>VIP Babaalv\u00e1s Szak\u00e9rt\u0151 \u00e9s Mentor<\/em><\/p>\n<!-- \/wp:paragraph -->","_et_gb_content_width":"","inline_featured_image":false,"footnotes":""},"categories":[1],"tags":[],"class_list":["post-26349","post","type-post","status-publish","format-standard","has-post-thumbnail","hentry","category-uncategorized"],"yoast_head":"<!-- This site is optimized with the Yoast SEO plugin v27.1.1 - https:\/\/yoast.com\/product\/yoast-seo-wordpress\/ -->\n<title>\u00dajra T\u00fcnd\u00e9rkir\u00e1lyn\u0151 leszek! - Sleep Hero<\/title>\n<meta name=\"robots\" content=\"index, follow, max-snippet:-1, max-image-preview:large, max-video-preview:-1\" \/>\n<link rel=\"canonical\" href=\"https:\/\/sleephero.hu\/en\/ujra-tunderkiralyno-leszek\/\" \/>\n<meta property=\"og:locale\" content=\"en_GB\" \/>\n<meta property=\"og:type\" content=\"article\" \/>\n<meta property=\"og:title\" content=\"\u00dajra T\u00fcnd\u00e9rkir\u00e1lyn\u0151 leszek! - Sleep Hero\" \/>\n<meta property=\"og:description\" content=\"Kedves \u00fajdons\u00fclt Anyuka, Kor\u00e1bban \u00edrtam egy cikket, ami a p\u00e1rodnak sz\u00f3lt, most pedig Hozz\u00e1d, \u00fajdons\u00fclt Anyuk\u00e1hoz sz\u00f3lok. A bab\u00e1ddal m\u00e1r h\u00f3napok \u00f3ta otthon vagy, s a kor\u00e1bban t\u00f6k\u00e9letesen elk\u00e9pzelt bab\u00e1s vil\u00e1g valahogy\" \/>\n<meta property=\"og:url\" content=\"https:\/\/sleephero.hu\/en\/ujra-tunderkiralyno-leszek\/\" \/>\n<meta property=\"og:site_name\" content=\"Sleep Hero\" \/>\n<meta property=\"article:publisher\" content=\"https:\/\/www.facebook.com\/sleephero.hu\/\" \/>\n<meta property=\"article:published_time\" content=\"2025-09-27T18:06:43+00:00\" \/>\n<meta property=\"article:modified_time\" content=\"2026-01-23T19:04:14+00:00\" \/>\n<meta name=\"author\" content=\"aalamtushar@gmail.com\" \/>\n<meta name=\"twitter:card\" content=\"summary_large_image\" \/>\n<meta name=\"twitter:label1\" content=\"Written by\" \/>\n\t<meta name=\"twitter:data1\" content=\"aalamtushar@gmail.com\" \/>\n\t<meta name=\"twitter:label2\" content=\"Estimated reading time\" \/>\n\t<meta name=\"twitter:data2\" content=\"4 minutes\" \/>\n<script type=\"application\/ld+json\" class=\"yoast-schema-graph\">{\"@context\":\"https:\/\/schema.org\",\"@graph\":[{\"@type\":\"Article\",\"@id\":\"https:\/\/sleephero.hu\/ujra-tunderkiralyno-leszek\/#article\",\"isPartOf\":{\"@id\":\"https:\/\/sleephero.hu\/ujra-tunderkiralyno-leszek\/\"},\"author\":{\"name\":\"aalamtushar@gmail.com\",\"@id\":\"https:\/\/sleephero.hu\/#\/schema\/person\/2e3ebe981539b00355d1e3af2a4bbcf7\"},\"headline\":\"\u00dajra T\u00fcnd\u00e9rkir\u00e1lyn\u0151 leszek!\",\"datePublished\":\"2025-09-27T18:06:43+00:00\",\"dateModified\":\"2026-01-23T19:04:14+00:00\",\"mainEntityOfPage\":{\"@id\":\"https:\/\/sleephero.hu\/ujra-tunderkiralyno-leszek\/\"},\"wordCount\":941,\"publisher\":{\"@id\":\"https:\/\/sleephero.hu\/#organization\"},\"image\":{\"@id\":\"https:\/\/sleephero.hu\/ujra-tunderkiralyno-leszek\/#primaryimage\"},\"thumbnailUrl\":\"https:\/\/sleephero.hu\/wp-content\/uploads\/2025\/09\/Ujra-tunderkitalyno-leszek.avif\",\"articleSection\":[\"Uncategorized\"],\"inLanguage\":\"en-GB\"},{\"@type\":\"WebPage\",\"@id\":\"https:\/\/sleephero.hu\/ujra-tunderkiralyno-leszek\/\",\"url\":\"https:\/\/sleephero.hu\/ujra-tunderkiralyno-leszek\/\",\"name\":\"\u00dajra T\u00fcnd\u00e9rkir\u00e1lyn\u0151 leszek! - Sleep Hero\",\"isPartOf\":{\"@id\":\"https:\/\/sleephero.hu\/#website\"},\"primaryImageOfPage\":{\"@id\":\"https:\/\/sleephero.hu\/ujra-tunderkiralyno-leszek\/#primaryimage\"},\"image\":{\"@id\":\"https:\/\/sleephero.hu\/ujra-tunderkiralyno-leszek\/#primaryimage\"},\"thumbnailUrl\":\"https:\/\/sleephero.hu\/wp-content\/uploads\/2025\/09\/Ujra-tunderkitalyno-leszek.avif\",\"datePublished\":\"2025-09-27T18:06:43+00:00\",\"dateModified\":\"2026-01-23T19:04:14+00:00\",\"breadcrumb\":{\"@id\":\"https:\/\/sleephero.hu\/ujra-tunderkiralyno-leszek\/#breadcrumb\"},\"inLanguage\":\"en-GB\",\"potentialAction\":[{\"@type\":\"ReadAction\",\"target\":[\"https:\/\/sleephero.hu\/ujra-tunderkiralyno-leszek\/\"]}]},{\"@type\":\"ImageObject\",\"inLanguage\":\"en-GB\",\"@id\":\"https:\/\/sleephero.hu\/ujra-tunderkiralyno-leszek\/#primaryimage\",\"url\":\"https:\/\/sleephero.hu\/wp-content\/uploads\/2025\/09\/Ujra-tunderkitalyno-leszek.avif\",\"contentUrl\":\"https:\/\/sleephero.hu\/wp-content\/uploads\/2025\/09\/Ujra-tunderkitalyno-leszek.avif\",\"width\":1200,\"height\":628},{\"@type\":\"BreadcrumbList\",\"@id\":\"https:\/\/sleephero.hu\/ujra-tunderkiralyno-leszek\/#breadcrumb\",\"itemListElement\":[{\"@type\":\"ListItem\",\"position\":1,\"name\":\"Kezd\u0151lap\",\"item\":\"https:\/\/sleephero.hu\/\"},{\"@type\":\"ListItem\",\"position\":2,\"name\":\"\u00dajra T\u00fcnd\u00e9rkir\u00e1lyn\u0151 leszek!\"}]},{\"@type\":\"WebSite\",\"@id\":\"https:\/\/sleephero.hu\/#website\",\"url\":\"https:\/\/sleephero.hu\/\",\"name\":\"Sleep Hero\",\"description\":\"\",\"publisher\":{\"@id\":\"https:\/\/sleephero.hu\/#organization\"},\"potentialAction\":[{\"@type\":\"SearchAction\",\"target\":{\"@type\":\"EntryPoint\",\"urlTemplate\":\"https:\/\/sleephero.hu\/?s={search_term_string}\"},\"query-input\":{\"@type\":\"PropertyValueSpecification\",\"valueRequired\":true,\"valueName\":\"search_term_string\"}}],\"inLanguage\":\"en-GB\"},{\"@type\":\"Organization\",\"@id\":\"https:\/\/sleephero.hu\/#organization\",\"name\":\"Sleep Hero\",\"url\":\"https:\/\/sleephero.hu\/\",\"logo\":{\"@type\":\"ImageObject\",\"inLanguage\":\"en-GB\",\"@id\":\"https:\/\/sleephero.hu\/#\/schema\/logo\/image\/\",\"url\":\"https:\/\/sleephero.hu\/wp-content\/uploads\/2020\/06\/logo@2x.png\",\"contentUrl\":\"https:\/\/sleephero.hu\/wp-content\/uploads\/2020\/06\/logo@2x.png\",\"width\":320,\"height\":160,\"caption\":\"Sleep Hero\"},\"image\":{\"@id\":\"https:\/\/sleephero.hu\/#\/schema\/logo\/image\/\"},\"sameAs\":[\"https:\/\/www.facebook.com\/sleephero.hu\/\"]},{\"@type\":\"Person\",\"@id\":\"https:\/\/sleephero.hu\/#\/schema\/person\/2e3ebe981539b00355d1e3af2a4bbcf7\",\"name\":\"aalamtushar@gmail.com\",\"image\":{\"@type\":\"ImageObject\",\"inLanguage\":\"en-GB\",\"@id\":\"https:\/\/sleephero.hu\/#\/schema\/person\/image\/\",\"url\":\"https:\/\/secure.gravatar.com\/avatar\/2aab2a694720564413418e1e98889058c8803a2f2be2be2060950009b43386ae?s=96&d=mm&r=g\",\"contentUrl\":\"https:\/\/secure.gravatar.com\/avatar\/2aab2a694720564413418e1e98889058c8803a2f2be2be2060950009b43386ae?s=96&d=mm&r=g\",\"caption\":\"aalamtushar@gmail.com\"},\"url\":\"https:\/\/sleephero.hu\/en\/author\/aalamtushargmail-com\/\"}]}<\/script>\n<!-- \/ Yoast SEO plugin. -->","yoast_head_json":{"title":"\u00dajra T\u00fcnd\u00e9rkir\u00e1lyn\u0151 leszek! - Sleep Hero","robots":{"index":"index","follow":"follow","max-snippet":"max-snippet:-1","max-image-preview":"max-image-preview:large","max-video-preview":"max-video-preview:-1"},"canonical":"https:\/\/sleephero.hu\/en\/ujra-tunderkiralyno-leszek\/","og_locale":"en_GB","og_type":"article","og_title":"\u00dajra T\u00fcnd\u00e9rkir\u00e1lyn\u0151 leszek! - Sleep Hero","og_description":"Kedves \u00fajdons\u00fclt Anyuka, Kor\u00e1bban \u00edrtam egy cikket, ami a p\u00e1rodnak sz\u00f3lt, most pedig Hozz\u00e1d, \u00fajdons\u00fclt Anyuk\u00e1hoz sz\u00f3lok. A bab\u00e1ddal m\u00e1r h\u00f3napok \u00f3ta otthon vagy, s a kor\u00e1bban t\u00f6k\u00e9letesen elk\u00e9pzelt bab\u00e1s vil\u00e1g valahogy","og_url":"https:\/\/sleephero.hu\/en\/ujra-tunderkiralyno-leszek\/","og_site_name":"Sleep Hero","article_publisher":"https:\/\/www.facebook.com\/sleephero.hu\/","article_published_time":"2025-09-27T18:06:43+00:00","article_modified_time":"2026-01-23T19:04:14+00:00","author":"aalamtushar@gmail.com","twitter_card":"summary_large_image","twitter_misc":{"Written by":"aalamtushar@gmail.com","Estimated reading time":"4 minutes"},"schema":{"@context":"https:\/\/schema.org","@graph":[{"@type":"Article","@id":"https:\/\/sleephero.hu\/ujra-tunderkiralyno-leszek\/#article","isPartOf":{"@id":"https:\/\/sleephero.hu\/ujra-tunderkiralyno-leszek\/"},"author":{"name":"aalamtushar@gmail.com","@id":"https:\/\/sleephero.hu\/#\/schema\/person\/2e3ebe981539b00355d1e3af2a4bbcf7"},"headline":"\u00dajra T\u00fcnd\u00e9rkir\u00e1lyn\u0151 leszek!","datePublished":"2025-09-27T18:06:43+00:00","dateModified":"2026-01-23T19:04:14+00:00","mainEntityOfPage":{"@id":"https:\/\/sleephero.hu\/ujra-tunderkiralyno-leszek\/"},"wordCount":941,"publisher":{"@id":"https:\/\/sleephero.hu\/#organization"},"image":{"@id":"https:\/\/sleephero.hu\/ujra-tunderkiralyno-leszek\/#primaryimage"},"thumbnailUrl":"https:\/\/sleephero.hu\/wp-content\/uploads\/2025\/09\/Ujra-tunderkitalyno-leszek.avif","articleSection":["Uncategorized"],"inLanguage":"en-GB"},{"@type":"WebPage","@id":"https:\/\/sleephero.hu\/ujra-tunderkiralyno-leszek\/","url":"https:\/\/sleephero.hu\/ujra-tunderkiralyno-leszek\/","name":"\u00dajra T\u00fcnd\u00e9rkir\u00e1lyn\u0151 leszek! - Sleep Hero","isPartOf":{"@id":"https:\/\/sleephero.hu\/#website"},"primaryImageOfPage":{"@id":"https:\/\/sleephero.hu\/ujra-tunderkiralyno-leszek\/#primaryimage"},"image":{"@id":"https:\/\/sleephero.hu\/ujra-tunderkiralyno-leszek\/#primaryimage"},"thumbnailUrl":"https:\/\/sleephero.hu\/wp-content\/uploads\/2025\/09\/Ujra-tunderkitalyno-leszek.avif","datePublished":"2025-09-27T18:06:43+00:00","dateModified":"2026-01-23T19:04:14+00:00","breadcrumb":{"@id":"https:\/\/sleephero.hu\/ujra-tunderkiralyno-leszek\/#breadcrumb"},"inLanguage":"en-GB","potentialAction":[{"@type":"ReadAction","target":["https:\/\/sleephero.hu\/ujra-tunderkiralyno-leszek\/"]}]},{"@type":"ImageObject","inLanguage":"en-GB","@id":"https:\/\/sleephero.hu\/ujra-tunderkiralyno-leszek\/#primaryimage","url":"https:\/\/sleephero.hu\/wp-content\/uploads\/2025\/09\/Ujra-tunderkitalyno-leszek.avif","contentUrl":"https:\/\/sleephero.hu\/wp-content\/uploads\/2025\/09\/Ujra-tunderkitalyno-leszek.avif","width":1200,"height":628},{"@type":"BreadcrumbList","@id":"https:\/\/sleephero.hu\/ujra-tunderkiralyno-leszek\/#breadcrumb","itemListElement":[{"@type":"ListItem","position":1,"name":"Kezd\u0151lap","item":"https:\/\/sleephero.hu\/"},{"@type":"ListItem","position":2,"name":"\u00dajra T\u00fcnd\u00e9rkir\u00e1lyn\u0151 leszek!"}]},{"@type":"WebSite","@id":"https:\/\/sleephero.hu\/#website","url":"https:\/\/sleephero.hu\/","name":"Sleep Hero","description":"","publisher":{"@id":"https:\/\/sleephero.hu\/#organization"},"potentialAction":[{"@type":"SearchAction","target":{"@type":"EntryPoint","urlTemplate":"https:\/\/sleephero.hu\/?s={search_term_string}"},"query-input":{"@type":"PropertyValueSpecification","valueRequired":true,"valueName":"search_term_string"}}],"inLanguage":"en-GB"},{"@type":"Organization","@id":"https:\/\/sleephero.hu\/#organization","name":"Sleep Hero","url":"https:\/\/sleephero.hu\/","logo":{"@type":"ImageObject","inLanguage":"en-GB","@id":"https:\/\/sleephero.hu\/#\/schema\/logo\/image\/","url":"https:\/\/sleephero.hu\/wp-content\/uploads\/2020\/06\/logo@2x.png","contentUrl":"https:\/\/sleephero.hu\/wp-content\/uploads\/2020\/06\/logo@2x.png","width":320,"height":160,"caption":"Sleep Hero"},"image":{"@id":"https:\/\/sleephero.hu\/#\/schema\/logo\/image\/"},"sameAs":["https:\/\/www.facebook.com\/sleephero.hu\/"]},{"@type":"Person","@id":"https:\/\/sleephero.hu\/#\/schema\/person\/2e3ebe981539b00355d1e3af2a4bbcf7","name":"aalamtushar@gmail.com","image":{"@type":"ImageObject","inLanguage":"en-GB","@id":"https:\/\/sleephero.hu\/#\/schema\/person\/image\/","url":"https:\/\/secure.gravatar.com\/avatar\/2aab2a694720564413418e1e98889058c8803a2f2be2be2060950009b43386ae?s=96&d=mm&r=g","contentUrl":"https:\/\/secure.gravatar.com\/avatar\/2aab2a694720564413418e1e98889058c8803a2f2be2be2060950009b43386ae?s=96&d=mm&r=g","caption":"aalamtushar@gmail.com"},"url":"https:\/\/sleephero.hu\/en\/author\/aalamtushargmail-com\/"}]}},"_links":{"self":[{"href":"https:\/\/sleephero.hu\/en\/wp-json\/wp\/v2\/posts\/26349","targetHints":{"allow":["GET"]}}],"collection":[{"href":"https:\/\/sleephero.hu\/en\/wp-json\/wp\/v2\/posts"}],"about":[{"href":"https:\/\/sleephero.hu\/en\/wp-json\/wp\/v2\/types\/post"}],"author":[{"embeddable":true,"href":"https:\/\/sleephero.hu\/en\/wp-json\/wp\/v2\/users\/155"}],"replies":[{"embeddable":true,"href":"https:\/\/sleephero.hu\/en\/wp-json\/wp\/v2\/comments?post=26349"}],"version-history":[{"count":7,"href":"https:\/\/sleephero.hu\/en\/wp-json\/wp\/v2\/posts\/26349\/revisions"}],"predecessor-version":[{"id":26459,"href":"https:\/\/sleephero.hu\/en\/wp-json\/wp\/v2\/posts\/26349\/revisions\/26459"}],"wp:featuredmedia":[{"embeddable":true,"href":"https:\/\/sleephero.hu\/en\/wp-json\/wp\/v2\/media\/26457"}],"wp:attachment":[{"href":"https:\/\/sleephero.hu\/en\/wp-json\/wp\/v2\/media?parent=26349"}],"wp:term":[{"taxonomy":"category","embeddable":true,"href":"https:\/\/sleephero.hu\/en\/wp-json\/wp\/v2\/categories?post=26349"},{"taxonomy":"post_tag","embeddable":true,"href":"https:\/\/sleephero.hu\/en\/wp-json\/wp\/v2\/tags?post=26349"}],"curies":[{"name":"wp","href":"https:\/\/api.w.org\/{rel}","templated":true}]}}