{"id":26384,"date":"2025-11-08T09:26:23","date_gmt":"2025-11-08T08:26:23","guid":{"rendered":"https:\/\/sleephero.hu\/?p=26384"},"modified":"2025-11-08T09:36:09","modified_gmt":"2025-11-08T08:36:09","slug":"a-babaval-eltelt-par-idilli-het-a-szuletesetol-es-most-beutott-a-kaosz","status":"publish","type":"post","link":"https:\/\/sleephero.hu\/en\/a-babaval-eltelt-par-idilli-het-a-szuletesetol-es-most-beutott-a-kaosz\/","title":{"rendered":"A bab\u00e1val eltelt p\u00e1r idilli h\u00e9t a sz\u00fclet\u00e9s\u00e9t\u0151l \u00e9s most be\u00fct\u00f6tt a k\u00e1osz?"},"content":{"rendered":"<h1 class=\"wp-block-heading has-text-align-center\">A bab\u00e1val eltelt p\u00e1r idilli h\u00e9t a sz\u00fclet\u00e9s\u00e9t\u0151l \u00e9s most be\u00fct\u00f6tt a k\u00e1osz?<\/h1>\n\n\n\n<p>Kedves \u00dajdons\u00fclt Apuka!<\/p>\n\n\n\n<p>Te, aki hazahoztad a kisbab\u00e1tokat \u00e9s azt gondoltad, hogy az a sok alv\u00e1s az els\u0151 napokban v\u00e9gig tart majd! Val\u00f3sz\u00edn\u0171leg Te is azt hitted, hogy a pici R\u00e1d \u00fct\u00f6tt: igazi h\u00e9talv\u00f3, aki gyakorlatilag eg\u00e9sz nap alszik, \u00e9s nem \u00e9rted, mi\u00e9rt s\u00edrnak azok a p\u00e1rok, akiknek \u00e1lland\u00f3an baj van az altat\u00e1ssal.<\/p>\n\n\n\n<figure class=\"wp-block-image aligncenter size-large\"><img loading=\"lazy\" decoding=\"async\" width=\"1024\" height=\"536\" src=\"https:\/\/sleephero.hu\/wp-content\/uploads\/2025\/11\/blog-borito-1024x536.avif\" alt=\"\" class=\"wp-image-26388\" srcset=\"https:\/\/sleephero.hu\/wp-content\/uploads\/2025\/11\/blog-borito-1024x536.avif 1024w, https:\/\/sleephero.hu\/wp-content\/uploads\/2025\/11\/blog-borito-300x157.avif 300w, https:\/\/sleephero.hu\/wp-content\/uploads\/2025\/11\/blog-borito-768x402.avif 768w, https:\/\/sleephero.hu\/wp-content\/uploads\/2025\/11\/blog-borito-18x9.avif 18w, https:\/\/sleephero.hu\/wp-content\/uploads\/2025\/11\/blog-borito-1080x565.avif 1080w, https:\/\/sleephero.hu\/wp-content\/uploads\/2025\/11\/blog-borito-980x513.avif 980w, https:\/\/sleephero.hu\/wp-content\/uploads\/2025\/11\/blog-borito-480x251.avif 480w, https:\/\/sleephero.hu\/wp-content\/uploads\/2025\/11\/blog-borito-600x314.avif 600w, https:\/\/sleephero.hu\/wp-content\/uploads\/2025\/11\/blog-borito.avif 1200w\" sizes=\"(max-width: 1024px) 100vw, 1024px\" \/><\/figure>\n\n\n\n<p>A bab\u00e1tok majd az eg\u00e9sz gyermekkor\u00e1t \u00e9desen \u00e1talussza, pont, mint az els\u0151 hetekben, miut\u00e1n hazahozt\u00e1tok \u0151t a k\u00f3rh\u00e1zb\u00f3l! Te is ebben a hitben ringattad magad eddig, ugye?<\/p>\n\n\n\n<p>Ez gyakori t\u00e9vhit, amivel sok friss sz\u00fcl\u0151 k\u00fczd. Pedig mennyire j\u00f3 lenne, ha ezek a nagy, \u00e9des alv\u00e1sok \u00e1lland\u00f3suln\u00e1nak&#8230;<\/p>\n\n\n\n<p>Most, h\u00e1rom-n\u00e9gy h\u00e9t ut\u00e1n, te is azt tapasztalod \u00e9rtetlen\u00fcl, hogy semmi sem m\u0171k\u00f6dik \u00fagy, mint az elej\u00e9n.<\/p>\n\n\n\n<p>Megpr\u00f3b\u00e1lod letenni az \u00e1gy\u00e1ba, de r\u00f6gt\u00f6n s\u00edr, az alv\u00e1sid\u0151k ler\u00f6vid\u00fcltek, \u00e9s ev\u00e9s ut\u00e1n hirtelen \u00fcgyeletes \u00e9brenl\u00e9ti show kezd\u0151dik. Ez teljesen kimer\u00edt\u0151, frusztr\u00e1l\u00f3 \u00e9s \u00fagy \u00e9rzed, hogy elvesztetted a kontrollt. A p\u00e1roddal egy\u00fctt ez a helyzet nektek m\u00e1r tarthatatlan, hirtelen be\u00fct\u00f6tt mind a kett\u0151t\u00f6kn\u00e9l a zombi \u00e1llapot, amir\u0151l kor\u00e1bban m\u00e9g csak elk\u00e9pzel\u00e9setek sem volt, hogy milyen lehet.<\/p>\n\n\n\n<p>Most pedig itt a folyamatos inger\u00fclts\u00e9g, fejf\u00e1j\u00e1s, egyre kevesebb az energi\u00e1tok, de cser\u00e9be egyre nagyobb a fesz\u00fclts\u00e9g, m\u00e1r k\u00f6ztetek is.<\/p>\n\n\n\n<p>Pedig olyan lelkesen \u00e1lltatok neki az els\u0151 heteknek, nem igaz? \u00cdgy viszont, irt\u00f3 neh\u00e9z a mindennapokban helyt \u00e1llni \u2013 pl\u00e1ne most, hogy m\u00e1r nagy val\u00f3sz\u00edn\u0171s\u00e9ggel a munka vil\u00e1g\u00e1ba is vissza kellett id\u0151k\u00f6zben \u00e1llnod. Igaz\u00e1b\u00f3l most v\u00e1lnak igaz\u00e1n kem\u00e9nny\u00e9 a h\u00e9tk\u00f6znapok, mert folyamatosan lav\u00edrozol a munkahely \u00e9s a mag\u00e1n\u00e9leti egyens\u00faly megtart\u00e1sa k\u00f6z\u00f6tt- csak mindezt kialvatlanul teszed.<\/p>\n\n\n\n<p>Amiket most tapasztalhatsz:<\/p>\n\n\n\n<ul class=\"wp-block-list\">\n<li>Eddig le lehetett tenni a bab\u00e1t az \u00e1gy\u00e1ba, most abban a pillanatban, hogy a kis feneke&nbsp; a matracot \u00e9ri, m\u00e1r s\u00edr.<\/li>\n\n\n\n<li>Eddig k\u00e9t \u00f3r\u00e1kat aludt, most j\u00f3, ha 30 percet alszik. (K\u00e9t r\u00e9szletben)<\/li>\n\n\n\n<li>Eddig sim\u00e1n vissza lehetett tenni \u0151t aludni etet\u00e9s ut\u00e1n, most pedig kipattannak a szemei ev\u00e9s ut\u00e1n.<\/li>\n\n\n\n<li>Eddig sim\u00e1n elengedte a cicit, most amint anya kih\u00fazn\u00e1 a sz\u00e1j\u00e1b\u00f3l, azonnal k\u00e9ri vissza.<\/li>\n\n\n\n<li>Eddig\u2026 minden olyan k\u00f6nnyen ment, most pedig minden sz\u00e9tesni l\u00e1tszik!<\/li>\n<\/ul>\n\n\n\n<p>Mindezt Te egyre kialvatlanabbul assziszt\u00e1lod, \u00e9s ha m\u00e9g nem vagy annyira elkeseredett, hogy elkezdd a babaaltat\u00e1s szakter\u00fclet\u00e9t is kutatni, akkor most j\u00f3l figyelj!<\/p>\n\n\n\n<p>Amiket most, ebben az \u00e9lethelyzetben a legfontosabb meg\u00e9rtened: A bab\u00e1d m\u00e9g csak tanulja, hogyan legyen \u00e9bren \u00e9s hogyan pihenjen.<\/p>\n\n\n\n<p>A j\u00f6v\u0151beni alv\u00e1si szok\u00e1sait ezekben a hetekben, h\u00f3napokban fogj\u00e1tok \u00e9ppen kialak\u00edtani a p\u00e1roddal, ez\u00e9rt igenis \u00e9rdemes m\u00e1r most, ak\u00e1r csak 6-8 hetes kor\u00e1ban is tudatosan ut\u00e1na n\u00e9znetek az alv\u00e1s t\u00e9mak\u00f6r\u00e9nek.<\/p>\n\n\n\n<p>Az \u00fajsz\u00fcl\u00f6tt alv\u00e1sa reflexvez\u00e9relt \u00e9s tele van apr\u00f3 mozg\u00e1sokkal, amik miatt gyakran fel\u00e9bred \u2013 ez\u00e9rt sokszor furcs\u00e1n mozog vagy hangokat ad ki alv\u00e1s k\u00f6zben. Ez a term\u00e9szet r\u00e9sze, nem a te hib\u00e1d.<\/p>\n\n\n\n<p>Fontold meg a p\u00f3ly\u00e1z\u00e1st, mert az seg\u00edthet abban, hogy a baba ne \u00e9bressze fel saj\u00e1t mag\u00e1t a karjai mozg\u00e1s\u00e1val, de csak nagyj\u00e1b\u00f3l 8 hetes kor\u00e1ig javaslom.<\/p>\n\n\n\n<p>Az \u00e9jszaka \u00e9s nappal megk\u00fcl\u00f6nb\u00f6ztet\u00e9s\u00e9t m\u00e9g csak most tanulja, ne lep\u0151dj meg, ha az \u00e9jszak\u00e1k most nem nyugodtak.<\/p>\n\n\n\n<p>Ha viszont most kezedbe veszed a dolgokat, akkor k\u00e9pzeld el magad annak az apuk\u00e1nak, aki m\u00e1r tudatosan kezeli a baba alv\u00e1s\u00e1t, aki \u00f6r\u00f6m\u00e9t leli a pici nyugalm\u00e1ban, \u00e9s v\u00e9gre tud pihenni \u00e9jszaka, hogy nappalra is er\u0151vel t\u00f6lt\u0151dj\u00f6n fel. Te is lehetsz az, aki biztons\u00e1got tud ny\u00fajtani a bab\u00e1j\u00e1nak, \u00e9s akinek nem kell \u00e1lland\u00f3an kimer\u00fcltnek \u00e9s tehetetlennek \u00e9reznie mag\u00e1t. Ez az eredm\u00e9ny el\u00e9rhet\u0151, csak tudnod kell, hogyan fogj hozz\u00e1.<\/p>\n\n\n\n<p>&nbsp;Ker\u00fcld az \u00e1ltal\u00e1nos szab\u00e1lyokat, ink\u00e1bb a saj\u00e1t bab\u00e1d jeleire figyelj! Teljesen felesleges nesze semmi \u2013 fogd meg j\u00f3l, \u201e5 tipp, hogy jobban aludjon a gyermeked\u201d posztokat olvasgatnod innen-onnan, mert a v\u00e9g\u00e9n egyik tippet sem fogod tudni hat\u00e9konyan a gyakorlatba be\u00fcltetni, ezt garant\u00e1lom.<\/p>\n\n\n\n<p>Ugye nem szeretn\u00e9d m\u00e9g az elk\u00f6vetkez\u0151 \u00fajabb 6 h\u00f3napot is kialvatlanul t\u00f6lteni, ahelyett, hogy \u00e9lvezn\u00e9d a sz\u00fcl\u0151i l\u00e9t csod\u00e1it?<\/p>\n\n\n\n<p>Ha szeretn\u00e9d, szem\u00e9lyre szabott tan\u00e1csokat adok neked egy\u00e9ni konzult\u00e1ci\u00f3n, hogy apukak\u00e9nt felk\u00e9sz\u00fclt, magabiztos \u00e9s nyugodt legy\u00e9l. Megmutatom, hogyan tudod a baba alv\u00e1s\u00e1t rugalmasan, a saj\u00e1t temp\u00f3ja szerint t\u00e1mogatni \u2013 \u00e9s t\u00e1mogatlak abban, hogy a csal\u00e1d egy\u00fctt t\u00f6ltse tele energi\u00e1val, \u00f6r\u00f6mmel \u00e9s harm\u00f3ni\u00e1val az els\u0151 h\u00f3napokat.<\/p>\n\n\n\n<p>A v\u00e1laszt\u00e1s a Ti kezetekben van!<\/p>\n\n\n\n<p>Ha d\u00f6nt\u00f6tt\u00e9l, Szeretettel v\u00e1rlak egy felder\u00edt\u0151 besz\u00e9lget\u00e9sen, hogy a sorsotok alakul\u00e1s\u00e1t a kezetekbe vehess\u00e9tek min\u00e9l hamarabb!<\/p>\n\n\n\n<p>Itt tudsz foglalni: <a href=\"https:\/\/calendly.com\/sleephero\/felderito-konzultacio\" target=\"_blank\" rel=\"noreferrer noopener\">https:\/\/calendly.com\/sleephero\/felderito-konzultacio<\/a><\/p>\n\n\n\n<p>Javaslom, hogy csatlakozz a facebook k\u00f6z\u00f6ss\u00e9gemhez \u00e9s tedd meg az els\u0151 l\u00e9p\u00e9st, v\u00e1llalj felel\u0151ss\u00e9get a gyermeked \u00e9s csal\u00e1dod nyugodt \u00e9jszak\u00e1i\u00e9rt, intenz\u00edv pihen\u00e9s\u00e9\u00e9rt, magad\u00e9rt, \u00e9s a teljes csal\u00e1dod harm\u00f3ni\u00e1j\u00e1\u00e9rt.<\/p>\n\n\n\n<p>Itt tudsz csatlakozni:<\/p>\n\n\n\n<p><a href=\"https:\/\/www.facebook.com\/groups\/sleephero\" target=\"_blank\" rel=\"noreferrer noopener\">https:\/\/www.facebook.com\/groups\/sleephero<\/a><\/p>\n\n\n\n<p>V\u00e1rlak Szeretettel!<\/p>\n\n\n\n<p>\u00c9va Szak\u00e1cs<\/p>\n\n\n\n<p>VIP Babaalv\u00e1s Szak\u00e9rt\u0151 \u00e9s Mentor<\/p>\n\n\n\n<p>Val\u00f3di Intenz\u00edv Pihen\u00e9s \u2013 teljes csal\u00e1di harm\u00f3nia<\/p>\n\n\n\n<p><a href=\"https:\/\/sleephero.hu\/en\/\">https:\/\/www.sleephero.hu\/<\/a><\/p>","protected":false},"excerpt":{"rendered":"<p>Kedves \u00dajdons\u00fclt Apuka! Te, aki hazahoztad a kisbab\u00e1tokat \u00e9s azt gondoltad, hogy az a sok alv\u00e1s az els\u0151 napokban v\u00e9gig tart majd! Val\u00f3sz\u00edn\u0171leg<\/p>","protected":false},"author":155,"featured_media":26388,"comment_status":"closed","ping_status":"open","sticky":false,"template":"","format":"standard","meta":{"_et_pb_use_builder":"off","_et_pb_old_content":"","_et_gb_content_width":"","inline_featured_image":false,"footnotes":""},"categories":[1],"tags":[],"class_list":["post-26384","post","type-post","status-publish","format-standard","has-post-thumbnail","hentry","category-uncategorized"],"yoast_head":"<!-- This site is optimized with the Yoast SEO plugin v27.1.1 - https:\/\/yoast.com\/product\/yoast-seo-wordpress\/ -->\n<title>A bab\u00e1val eltelt p\u00e1r idilli h\u00e9t a sz\u00fclet\u00e9s\u00e9t\u0151l \u00e9s most be\u00fct\u00f6tt a k\u00e1osz? - Sleep Hero<\/title>\n<meta name=\"robots\" content=\"index, follow, max-snippet:-1, max-image-preview:large, max-video-preview:-1\" \/>\n<link rel=\"canonical\" href=\"https:\/\/sleephero.hu\/en\/a-babaval-eltelt-par-idilli-het-a-szuletesetol-es-most-beutott-a-kaosz\/\" \/>\n<meta property=\"og:locale\" content=\"en_GB\" \/>\n<meta property=\"og:type\" content=\"article\" \/>\n<meta property=\"og:title\" content=\"A bab\u00e1val eltelt p\u00e1r idilli h\u00e9t a sz\u00fclet\u00e9s\u00e9t\u0151l \u00e9s most be\u00fct\u00f6tt a k\u00e1osz? - Sleep Hero\" \/>\n<meta property=\"og:description\" content=\"Kedves \u00dajdons\u00fclt Apuka! Te, aki hazahoztad a kisbab\u00e1tokat \u00e9s azt gondoltad, hogy az a sok alv\u00e1s az els\u0151 napokban v\u00e9gig tart majd! Val\u00f3sz\u00edn\u0171leg\" \/>\n<meta property=\"og:url\" content=\"https:\/\/sleephero.hu\/en\/a-babaval-eltelt-par-idilli-het-a-szuletesetol-es-most-beutott-a-kaosz\/\" \/>\n<meta property=\"og:site_name\" content=\"Sleep Hero\" \/>\n<meta property=\"article:publisher\" content=\"https:\/\/www.facebook.com\/sleephero.hu\/\" \/>\n<meta property=\"article:published_time\" content=\"2025-11-08T08:26:23+00:00\" \/>\n<meta property=\"article:modified_time\" content=\"2025-11-08T08:36:09+00:00\" \/>\n<meta name=\"author\" content=\"aalamtushar@gmail.com\" \/>\n<meta name=\"twitter:card\" content=\"summary_large_image\" \/>\n<meta name=\"twitter:label1\" content=\"Written by\" \/>\n\t<meta name=\"twitter:data1\" content=\"aalamtushar@gmail.com\" \/>\n\t<meta name=\"twitter:label2\" content=\"Estimated reading time\" \/>\n\t<meta name=\"twitter:data2\" content=\"5 minutes\" \/>\n<script type=\"application\/ld+json\" class=\"yoast-schema-graph\">{\"@context\":\"https:\/\/schema.org\",\"@graph\":[{\"@type\":\"Article\",\"@id\":\"https:\/\/sleephero.hu\/a-babaval-eltelt-par-idilli-het-a-szuletesetol-es-most-beutott-a-kaosz\/#article\",\"isPartOf\":{\"@id\":\"https:\/\/sleephero.hu\/a-babaval-eltelt-par-idilli-het-a-szuletesetol-es-most-beutott-a-kaosz\/\"},\"author\":{\"name\":\"aalamtushar@gmail.com\",\"@id\":\"https:\/\/sleephero.hu\/#\/schema\/person\/2e3ebe981539b00355d1e3af2a4bbcf7\"},\"headline\":\"A bab\u00e1val eltelt p\u00e1r idilli h\u00e9t a sz\u00fclet\u00e9s\u00e9t\u0151l \u00e9s most be\u00fct\u00f6tt a k\u00e1osz?\",\"datePublished\":\"2025-11-08T08:26:23+00:00\",\"dateModified\":\"2025-11-08T08:36:09+00:00\",\"mainEntityOfPage\":{\"@id\":\"https:\/\/sleephero.hu\/a-babaval-eltelt-par-idilli-het-a-szuletesetol-es-most-beutott-a-kaosz\/\"},\"wordCount\":1063,\"publisher\":{\"@id\":\"https:\/\/sleephero.hu\/#organization\"},\"image\":{\"@id\":\"https:\/\/sleephero.hu\/a-babaval-eltelt-par-idilli-het-a-szuletesetol-es-most-beutott-a-kaosz\/#primaryimage\"},\"thumbnailUrl\":\"https:\/\/sleephero.hu\/wp-content\/uploads\/2025\/11\/blog-borito.avif\",\"articleSection\":[\"Uncategorized\"],\"inLanguage\":\"en-GB\"},{\"@type\":\"WebPage\",\"@id\":\"https:\/\/sleephero.hu\/a-babaval-eltelt-par-idilli-het-a-szuletesetol-es-most-beutott-a-kaosz\/\",\"url\":\"https:\/\/sleephero.hu\/a-babaval-eltelt-par-idilli-het-a-szuletesetol-es-most-beutott-a-kaosz\/\",\"name\":\"A bab\u00e1val eltelt p\u00e1r idilli h\u00e9t a sz\u00fclet\u00e9s\u00e9t\u0151l \u00e9s most be\u00fct\u00f6tt a k\u00e1osz? - Sleep Hero\",\"isPartOf\":{\"@id\":\"https:\/\/sleephero.hu\/#website\"},\"primaryImageOfPage\":{\"@id\":\"https:\/\/sleephero.hu\/a-babaval-eltelt-par-idilli-het-a-szuletesetol-es-most-beutott-a-kaosz\/#primaryimage\"},\"image\":{\"@id\":\"https:\/\/sleephero.hu\/a-babaval-eltelt-par-idilli-het-a-szuletesetol-es-most-beutott-a-kaosz\/#primaryimage\"},\"thumbnailUrl\":\"https:\/\/sleephero.hu\/wp-content\/uploads\/2025\/11\/blog-borito.avif\",\"datePublished\":\"2025-11-08T08:26:23+00:00\",\"dateModified\":\"2025-11-08T08:36:09+00:00\",\"breadcrumb\":{\"@id\":\"https:\/\/sleephero.hu\/a-babaval-eltelt-par-idilli-het-a-szuletesetol-es-most-beutott-a-kaosz\/#breadcrumb\"},\"inLanguage\":\"en-GB\",\"potentialAction\":[{\"@type\":\"ReadAction\",\"target\":[\"https:\/\/sleephero.hu\/a-babaval-eltelt-par-idilli-het-a-szuletesetol-es-most-beutott-a-kaosz\/\"]}]},{\"@type\":\"ImageObject\",\"inLanguage\":\"en-GB\",\"@id\":\"https:\/\/sleephero.hu\/a-babaval-eltelt-par-idilli-het-a-szuletesetol-es-most-beutott-a-kaosz\/#primaryimage\",\"url\":\"https:\/\/sleephero.hu\/wp-content\/uploads\/2025\/11\/blog-borito.avif\",\"contentUrl\":\"https:\/\/sleephero.hu\/wp-content\/uploads\/2025\/11\/blog-borito.avif\",\"width\":1200,\"height\":628},{\"@type\":\"BreadcrumbList\",\"@id\":\"https:\/\/sleephero.hu\/a-babaval-eltelt-par-idilli-het-a-szuletesetol-es-most-beutott-a-kaosz\/#breadcrumb\",\"itemListElement\":[{\"@type\":\"ListItem\",\"position\":1,\"name\":\"Kezd\u0151lap\",\"item\":\"https:\/\/sleephero.hu\/\"},{\"@type\":\"ListItem\",\"position\":2,\"name\":\"A bab\u00e1val eltelt p\u00e1r idilli h\u00e9t a sz\u00fclet\u00e9s\u00e9t\u0151l \u00e9s most be\u00fct\u00f6tt a k\u00e1osz?\"}]},{\"@type\":\"WebSite\",\"@id\":\"https:\/\/sleephero.hu\/#website\",\"url\":\"https:\/\/sleephero.hu\/\",\"name\":\"Sleep Hero\",\"description\":\"\",\"publisher\":{\"@id\":\"https:\/\/sleephero.hu\/#organization\"},\"potentialAction\":[{\"@type\":\"SearchAction\",\"target\":{\"@type\":\"EntryPoint\",\"urlTemplate\":\"https:\/\/sleephero.hu\/?s={search_term_string}\"},\"query-input\":{\"@type\":\"PropertyValueSpecification\",\"valueRequired\":true,\"valueName\":\"search_term_string\"}}],\"inLanguage\":\"en-GB\"},{\"@type\":\"Organization\",\"@id\":\"https:\/\/sleephero.hu\/#organization\",\"name\":\"Sleep Hero\",\"url\":\"https:\/\/sleephero.hu\/\",\"logo\":{\"@type\":\"ImageObject\",\"inLanguage\":\"en-GB\",\"@id\":\"https:\/\/sleephero.hu\/#\/schema\/logo\/image\/\",\"url\":\"https:\/\/sleephero.hu\/wp-content\/uploads\/2020\/06\/logo@2x.png\",\"contentUrl\":\"https:\/\/sleephero.hu\/wp-content\/uploads\/2020\/06\/logo@2x.png\",\"width\":320,\"height\":160,\"caption\":\"Sleep Hero\"},\"image\":{\"@id\":\"https:\/\/sleephero.hu\/#\/schema\/logo\/image\/\"},\"sameAs\":[\"https:\/\/www.facebook.com\/sleephero.hu\/\"]},{\"@type\":\"Person\",\"@id\":\"https:\/\/sleephero.hu\/#\/schema\/person\/2e3ebe981539b00355d1e3af2a4bbcf7\",\"name\":\"aalamtushar@gmail.com\",\"image\":{\"@type\":\"ImageObject\",\"inLanguage\":\"en-GB\",\"@id\":\"https:\/\/sleephero.hu\/#\/schema\/person\/image\/\",\"url\":\"https:\/\/secure.gravatar.com\/avatar\/2aab2a694720564413418e1e98889058c8803a2f2be2be2060950009b43386ae?s=96&d=mm&r=g\",\"contentUrl\":\"https:\/\/secure.gravatar.com\/avatar\/2aab2a694720564413418e1e98889058c8803a2f2be2be2060950009b43386ae?s=96&d=mm&r=g\",\"caption\":\"aalamtushar@gmail.com\"},\"url\":\"https:\/\/sleephero.hu\/en\/author\/aalamtushargmail-com\/\"}]}<\/script>\n<!-- \/ Yoast SEO plugin. -->","yoast_head_json":{"title":"A bab\u00e1val eltelt p\u00e1r idilli h\u00e9t a sz\u00fclet\u00e9s\u00e9t\u0151l \u00e9s most be\u00fct\u00f6tt a k\u00e1osz? - Sleep Hero","robots":{"index":"index","follow":"follow","max-snippet":"max-snippet:-1","max-image-preview":"max-image-preview:large","max-video-preview":"max-video-preview:-1"},"canonical":"https:\/\/sleephero.hu\/en\/a-babaval-eltelt-par-idilli-het-a-szuletesetol-es-most-beutott-a-kaosz\/","og_locale":"en_GB","og_type":"article","og_title":"A bab\u00e1val eltelt p\u00e1r idilli h\u00e9t a sz\u00fclet\u00e9s\u00e9t\u0151l \u00e9s most be\u00fct\u00f6tt a k\u00e1osz? - Sleep Hero","og_description":"Kedves \u00dajdons\u00fclt Apuka! Te, aki hazahoztad a kisbab\u00e1tokat \u00e9s azt gondoltad, hogy az a sok alv\u00e1s az els\u0151 napokban v\u00e9gig tart majd! Val\u00f3sz\u00edn\u0171leg","og_url":"https:\/\/sleephero.hu\/en\/a-babaval-eltelt-par-idilli-het-a-szuletesetol-es-most-beutott-a-kaosz\/","og_site_name":"Sleep Hero","article_publisher":"https:\/\/www.facebook.com\/sleephero.hu\/","article_published_time":"2025-11-08T08:26:23+00:00","article_modified_time":"2025-11-08T08:36:09+00:00","author":"aalamtushar@gmail.com","twitter_card":"summary_large_image","twitter_misc":{"Written by":"aalamtushar@gmail.com","Estimated reading time":"5 minutes"},"schema":{"@context":"https:\/\/schema.org","@graph":[{"@type":"Article","@id":"https:\/\/sleephero.hu\/a-babaval-eltelt-par-idilli-het-a-szuletesetol-es-most-beutott-a-kaosz\/#article","isPartOf":{"@id":"https:\/\/sleephero.hu\/a-babaval-eltelt-par-idilli-het-a-szuletesetol-es-most-beutott-a-kaosz\/"},"author":{"name":"aalamtushar@gmail.com","@id":"https:\/\/sleephero.hu\/#\/schema\/person\/2e3ebe981539b00355d1e3af2a4bbcf7"},"headline":"A bab\u00e1val eltelt p\u00e1r idilli h\u00e9t a sz\u00fclet\u00e9s\u00e9t\u0151l \u00e9s most be\u00fct\u00f6tt a k\u00e1osz?","datePublished":"2025-11-08T08:26:23+00:00","dateModified":"2025-11-08T08:36:09+00:00","mainEntityOfPage":{"@id":"https:\/\/sleephero.hu\/a-babaval-eltelt-par-idilli-het-a-szuletesetol-es-most-beutott-a-kaosz\/"},"wordCount":1063,"publisher":{"@id":"https:\/\/sleephero.hu\/#organization"},"image":{"@id":"https:\/\/sleephero.hu\/a-babaval-eltelt-par-idilli-het-a-szuletesetol-es-most-beutott-a-kaosz\/#primaryimage"},"thumbnailUrl":"https:\/\/sleephero.hu\/wp-content\/uploads\/2025\/11\/blog-borito.avif","articleSection":["Uncategorized"],"inLanguage":"en-GB"},{"@type":"WebPage","@id":"https:\/\/sleephero.hu\/a-babaval-eltelt-par-idilli-het-a-szuletesetol-es-most-beutott-a-kaosz\/","url":"https:\/\/sleephero.hu\/a-babaval-eltelt-par-idilli-het-a-szuletesetol-es-most-beutott-a-kaosz\/","name":"A bab\u00e1val eltelt p\u00e1r idilli h\u00e9t a sz\u00fclet\u00e9s\u00e9t\u0151l \u00e9s most be\u00fct\u00f6tt a k\u00e1osz? - Sleep Hero","isPartOf":{"@id":"https:\/\/sleephero.hu\/#website"},"primaryImageOfPage":{"@id":"https:\/\/sleephero.hu\/a-babaval-eltelt-par-idilli-het-a-szuletesetol-es-most-beutott-a-kaosz\/#primaryimage"},"image":{"@id":"https:\/\/sleephero.hu\/a-babaval-eltelt-par-idilli-het-a-szuletesetol-es-most-beutott-a-kaosz\/#primaryimage"},"thumbnailUrl":"https:\/\/sleephero.hu\/wp-content\/uploads\/2025\/11\/blog-borito.avif","datePublished":"2025-11-08T08:26:23+00:00","dateModified":"2025-11-08T08:36:09+00:00","breadcrumb":{"@id":"https:\/\/sleephero.hu\/a-babaval-eltelt-par-idilli-het-a-szuletesetol-es-most-beutott-a-kaosz\/#breadcrumb"},"inLanguage":"en-GB","potentialAction":[{"@type":"ReadAction","target":["https:\/\/sleephero.hu\/a-babaval-eltelt-par-idilli-het-a-szuletesetol-es-most-beutott-a-kaosz\/"]}]},{"@type":"ImageObject","inLanguage":"en-GB","@id":"https:\/\/sleephero.hu\/a-babaval-eltelt-par-idilli-het-a-szuletesetol-es-most-beutott-a-kaosz\/#primaryimage","url":"https:\/\/sleephero.hu\/wp-content\/uploads\/2025\/11\/blog-borito.avif","contentUrl":"https:\/\/sleephero.hu\/wp-content\/uploads\/2025\/11\/blog-borito.avif","width":1200,"height":628},{"@type":"BreadcrumbList","@id":"https:\/\/sleephero.hu\/a-babaval-eltelt-par-idilli-het-a-szuletesetol-es-most-beutott-a-kaosz\/#breadcrumb","itemListElement":[{"@type":"ListItem","position":1,"name":"Kezd\u0151lap","item":"https:\/\/sleephero.hu\/"},{"@type":"ListItem","position":2,"name":"A bab\u00e1val eltelt p\u00e1r idilli h\u00e9t a sz\u00fclet\u00e9s\u00e9t\u0151l \u00e9s most be\u00fct\u00f6tt a k\u00e1osz?"}]},{"@type":"WebSite","@id":"https:\/\/sleephero.hu\/#website","url":"https:\/\/sleephero.hu\/","name":"Sleep Hero","description":"","publisher":{"@id":"https:\/\/sleephero.hu\/#organization"},"potentialAction":[{"@type":"SearchAction","target":{"@type":"EntryPoint","urlTemplate":"https:\/\/sleephero.hu\/?s={search_term_string}"},"query-input":{"@type":"PropertyValueSpecification","valueRequired":true,"valueName":"search_term_string"}}],"inLanguage":"en-GB"},{"@type":"Organization","@id":"https:\/\/sleephero.hu\/#organization","name":"Sleep Hero","url":"https:\/\/sleephero.hu\/","logo":{"@type":"ImageObject","inLanguage":"en-GB","@id":"https:\/\/sleephero.hu\/#\/schema\/logo\/image\/","url":"https:\/\/sleephero.hu\/wp-content\/uploads\/2020\/06\/logo@2x.png","contentUrl":"https:\/\/sleephero.hu\/wp-content\/uploads\/2020\/06\/logo@2x.png","width":320,"height":160,"caption":"Sleep Hero"},"image":{"@id":"https:\/\/sleephero.hu\/#\/schema\/logo\/image\/"},"sameAs":["https:\/\/www.facebook.com\/sleephero.hu\/"]},{"@type":"Person","@id":"https:\/\/sleephero.hu\/#\/schema\/person\/2e3ebe981539b00355d1e3af2a4bbcf7","name":"aalamtushar@gmail.com","image":{"@type":"ImageObject","inLanguage":"en-GB","@id":"https:\/\/sleephero.hu\/#\/schema\/person\/image\/","url":"https:\/\/secure.gravatar.com\/avatar\/2aab2a694720564413418e1e98889058c8803a2f2be2be2060950009b43386ae?s=96&d=mm&r=g","contentUrl":"https:\/\/secure.gravatar.com\/avatar\/2aab2a694720564413418e1e98889058c8803a2f2be2be2060950009b43386ae?s=96&d=mm&r=g","caption":"aalamtushar@gmail.com"},"url":"https:\/\/sleephero.hu\/en\/author\/aalamtushargmail-com\/"}]}},"_links":{"self":[{"href":"https:\/\/sleephero.hu\/en\/wp-json\/wp\/v2\/posts\/26384","targetHints":{"allow":["GET"]}}],"collection":[{"href":"https:\/\/sleephero.hu\/en\/wp-json\/wp\/v2\/posts"}],"about":[{"href":"https:\/\/sleephero.hu\/en\/wp-json\/wp\/v2\/types\/post"}],"author":[{"embeddable":true,"href":"https:\/\/sleephero.hu\/en\/wp-json\/wp\/v2\/users\/155"}],"replies":[{"embeddable":true,"href":"https:\/\/sleephero.hu\/en\/wp-json\/wp\/v2\/comments?post=26384"}],"version-history":[{"count":6,"href":"https:\/\/sleephero.hu\/en\/wp-json\/wp\/v2\/posts\/26384\/revisions"}],"predecessor-version":[{"id":26392,"href":"https:\/\/sleephero.hu\/en\/wp-json\/wp\/v2\/posts\/26384\/revisions\/26392"}],"wp:featuredmedia":[{"embeddable":true,"href":"https:\/\/sleephero.hu\/en\/wp-json\/wp\/v2\/media\/26388"}],"wp:attachment":[{"href":"https:\/\/sleephero.hu\/en\/wp-json\/wp\/v2\/media?parent=26384"}],"wp:term":[{"taxonomy":"category","embeddable":true,"href":"https:\/\/sleephero.hu\/en\/wp-json\/wp\/v2\/categories?post=26384"},{"taxonomy":"post_tag","embeddable":true,"href":"https:\/\/sleephero.hu\/en\/wp-json\/wp\/v2\/tags?post=26384"}],"curies":[{"name":"wp","href":"https:\/\/api.w.org\/{rel}","templated":true}]}}